{"id":109340,"date":"2025-04-01T11:44:46","date_gmt":"2025-04-01T11:44:46","guid":{"rendered":"https:\/\/www.rocatiles.com\/?p=109340"},"modified":"2025-04-08T08:04:41","modified_gmt":"2025-04-08T08:04:41","slug":"Roca-Tiles-presente-en-Les-Ateliers-Du-Commerce-2025-en-Marsella","status":"publish","type":"post","link":"https:\/\/www.rocatiles.com\/es\/rocalife\/Roca-Tiles-presente-en-Les-Ateliers-Du-Commerce-2025-en-Marsella\/","title":{"rendered":"Roca Tiles presente en Les Ateliers Du Commerce 2025 en Marsella"},"content":{"rendered":"\n<p>Roca Tiles estar\u00e1 presente <strong>a partir de ma\u00f1ana, 2 de abril, y hasta el pr\u00f3ximo d\u00eda 3 <\/strong>en la 17\u00aa edici\u00f3n de la&nbsp;feria<strong> Les Ateliers Du Commerce, <\/strong>un evento de referencia en el sector de los revestimientos cer\u00e1micos en Francia que este a\u00f1o se celebra en <strong>Marsella. <\/strong>La firma mostrar\u00e1 en su espacio expositivo una cuidada selecci\u00f3n de materiales y acabados cer\u00e1micos bajo el lema \u00abMer d\u2019inspiration\u00bb, reflejo del equilibrio entre forma, funcionalidad y dise\u00f1o que caracteriza a sus colecciones.<\/p>\n\n\n\n<h4 id=\"h-pensado-para-inspirar\"><strong>Pensado para inspirar<\/strong><\/h4>\n\n\n\n<p>En esta edici\u00f3n, Roca Tiles presenta un recorrido visual y t\u00e1ctil a trav\u00e9s de sus \u00faltimas propuestas cer\u00e1micas. El <strong>stand S46<\/strong>, pone en valor la riqueza de texturas, colores y formatos de las nuevas series.<\/p>\n\n\n\n<p>Los visitantes podr\u00e1n descubrir <strong>colecciones dise\u00f1adas para combinarse entre s\u00ed<\/strong>, facilitando m\u00faltiples opciones de aplicaci\u00f3n en proyectos de arquitectura e interiorismo. Se exhiben tonalidades suaves y equilibradas, superficies con detalles metalizados, acabados inspirados en elementos bot\u00e1nicos y formatos de gran dimensi\u00f3n que potencian la continuidad espacial.<\/p>\n\n\n\n<p>Entre las novedades destacan las series porcel\u00e1nicas <strong>Dolce -Vita y Rivi\u00e8re<\/strong>, que exploran distintas formas de interpretar el lujo cotidiano, as\u00ed como las propuestas decorativas <strong>Harmony, Tegel y Jade Deko<\/strong>, concebidas para transformar los ambientes con un sello \u00fanico. Tambi\u00e9n se presentan acabados que evocan la calidez de la madera, como <strong>Panama y Lagom<\/strong>, ideales para espacios que apuestan por la naturalidad sin renunciar a las prestaciones t\u00e9cnicas del porcel\u00e1nico.<\/p>\n\n\n\n<figure class=\"wp-block-image size-large\"><img loading=\"lazy\" width=\"768\" height=\"1024\" src=\"https:\/\/www.rocatiles.com\/wp-content\/uploads\/2025\/04\/rocatiles-careso-2025-04-02-at-08.29.07-5-768x1024.jpeg\" alt=\"\" class=\"wp-image-109350\" srcset=\"https:\/\/www.rocatiles.com\/wp-content\/uploads\/2025\/04\/rocatiles-careso-2025-04-02-at-08.29.07-5-768x1024.jpeg 768w, https:\/\/www.rocatiles.com\/wp-content\/uploads\/2025\/04\/rocatiles-careso-2025-04-02-at-08.29.07-5-225x300.jpeg 225w, https:\/\/www.rocatiles.com\/wp-content\/uploads\/2025\/04\/rocatiles-careso-2025-04-02-at-08.29.07-5-1152x1536.jpeg 1152w, https:\/\/www.rocatiles.com\/wp-content\/uploads\/2025\/04\/rocatiles-careso-2025-04-02-at-08.29.07-5-1200x1600.jpeg 1200w, https:\/\/www.rocatiles.com\/wp-content\/uploads\/2025\/04\/rocatiles-careso-2025-04-02-at-08.29.07-5-600x800.jpeg 600w, https:\/\/www.rocatiles.com\/wp-content\/uploads\/2025\/04\/rocatiles-careso-2025-04-02-at-08.29.07-5-150x200.jpeg 150w, https:\/\/www.rocatiles.com\/wp-content\/uploads\/2025\/04\/rocatiles-careso-2025-04-02-at-08.29.07-5.jpeg 1536w\" sizes=\"(max-width: 768px) 100vw, 768px\" \/><\/figure>\n\n\n\n<h4 id=\"h-punto-de-encuentro-con-el-mercado-franc-s\"><strong>Punto de encuentro con el mercado franc\u00e9s<\/strong><\/h4>\n\n\n\n<p><strong>Les Ateliers du Commerce<\/strong> es una cita estrat\u00e9gica impulsada por <strong>Careso<\/strong>, la principal red de distribuci\u00f3n francesa especializada en materiales de construcci\u00f3n, pavimentos, revestimientos cer\u00e1micos, fontaner\u00eda y electricidad. La feria ofrece una oportunidad \u00fanica para que marcas internacionales como Roca Tiles conecten con los profesionales del sector del pa\u00eds vecino. Este espacio profesional est\u00e1 orientado a generar sinergias comerciales, impulsar la presentaci\u00f3n de novedades de producto y facilitar el intercambio t\u00e9cnico entre fabricantes y distribuidores.<\/p>\n\n\n\n<div class=\"wp-block-group\"><div class=\"wp-block-group__inner-container\">\n<div class=\"wp-block-columns\">\n<div class=\"wp-block-column\" style=\"flex-basis:100%\">\n<figure class=\"wp-block-gallery columns-2 is-cropped\"><ul class=\"blocks-gallery-grid\"><li class=\"blocks-gallery-item\"><figure><img loading=\"lazy\" width=\"1024\" height=\"768\" src=\"https:\/\/www.rocatiles.com\/wp-content\/uploads\/2025\/04\/rocatiles-careso-2025-04-02-at-08.29.07-3-1024x768.jpeg\" alt=\"\" data-id=\"109354\" data-full-url=\"https:\/\/www.rocatiles.com\/wp-content\/uploads\/2025\/04\/rocatiles-careso-2025-04-02-at-08.29.07-3.jpeg\" data-link=\"https:\/\/www.rocatiles.com\/es\/rocatiles-careso-2025-04-02-at-08-29-07-3\/\" class=\"wp-image-109354\" srcset=\"https:\/\/www.rocatiles.com\/wp-content\/uploads\/2025\/04\/rocatiles-careso-2025-04-02-at-08.29.07-3-1024x768.jpeg 1024w, https:\/\/www.rocatiles.com\/wp-content\/uploads\/2025\/04\/rocatiles-careso-2025-04-02-at-08.29.07-3-300x225.jpeg 300w, https:\/\/www.rocatiles.com\/wp-content\/uploads\/2025\/04\/rocatiles-careso-2025-04-02-at-08.29.07-3-768x576.jpeg 768w, https:\/\/www.rocatiles.com\/wp-content\/uploads\/2025\/04\/rocatiles-careso-2025-04-02-at-08.29.07-3-1536x1152.jpeg 1536w, https:\/\/www.rocatiles.com\/wp-content\/uploads\/2025\/04\/rocatiles-careso-2025-04-02-at-08.29.07-3-1200x900.jpeg 1200w, https:\/\/www.rocatiles.com\/wp-content\/uploads\/2025\/04\/rocatiles-careso-2025-04-02-at-08.29.07-3-600x450.jpeg 600w, https:\/\/www.rocatiles.com\/wp-content\/uploads\/2025\/04\/rocatiles-careso-2025-04-02-at-08.29.07-3-150x113.jpeg 150w, https:\/\/www.rocatiles.com\/wp-content\/uploads\/2025\/04\/rocatiles-careso-2025-04-02-at-08.29.07-3.jpeg 2048w\" sizes=\"(max-width: 1024px) 100vw, 1024px\" \/><\/figure><\/li><li class=\"blocks-gallery-item\"><figure><img loading=\"lazy\" width=\"1024\" height=\"768\" src=\"https:\/\/www.rocatiles.com\/wp-content\/uploads\/2025\/04\/rocatiles-careso-2025-04-02-at-08.29.07-1-1024x768.jpeg\" alt=\"\" data-id=\"109358\" data-full-url=\"https:\/\/www.rocatiles.com\/wp-content\/uploads\/2025\/04\/rocatiles-careso-2025-04-02-at-08.29.07-1.jpeg\" data-link=\"https:\/\/www.rocatiles.com\/es\/rocatiles-careso-2025-04-02-at-08-29-07-1\/\" class=\"wp-image-109358\" srcset=\"https:\/\/www.rocatiles.com\/wp-content\/uploads\/2025\/04\/rocatiles-careso-2025-04-02-at-08.29.07-1-1024x768.jpeg 1024w, https:\/\/www.rocatiles.com\/wp-content\/uploads\/2025\/04\/rocatiles-careso-2025-04-02-at-08.29.07-1-300x225.jpeg 300w, https:\/\/www.rocatiles.com\/wp-content\/uploads\/2025\/04\/rocatiles-careso-2025-04-02-at-08.29.07-1-768x576.jpeg 768w, https:\/\/www.rocatiles.com\/wp-content\/uploads\/2025\/04\/rocatiles-careso-2025-04-02-at-08.29.07-1-1536x1152.jpeg 1536w, https:\/\/www.rocatiles.com\/wp-content\/uploads\/2025\/04\/rocatiles-careso-2025-04-02-at-08.29.07-1-1200x900.jpeg 1200w, https:\/\/www.rocatiles.com\/wp-content\/uploads\/2025\/04\/rocatiles-careso-2025-04-02-at-08.29.07-1-600x450.jpeg 600w, https:\/\/www.rocatiles.com\/wp-content\/uploads\/2025\/04\/rocatiles-careso-2025-04-02-at-08.29.07-1-150x113.jpeg 150w, https:\/\/www.rocatiles.com\/wp-content\/uploads\/2025\/04\/rocatiles-careso-2025-04-02-at-08.29.07-1.jpeg 2048w\" sizes=\"(max-width: 1024px) 100vw, 1024px\" \/><\/figure><\/li><li class=\"blocks-gallery-item\"><figure><img loading=\"lazy\" width=\"768\" height=\"1024\" src=\"https:\/\/www.rocatiles.com\/wp-content\/uploads\/2025\/04\/rocatiles-careso-2025-04-02-at-08.29.07-6-768x1024.jpeg\" alt=\"\" data-id=\"109348\" data-full-url=\"https:\/\/www.rocatiles.com\/wp-content\/uploads\/2025\/04\/rocatiles-careso-2025-04-02-at-08.29.07-6.jpeg\" data-link=\"https:\/\/www.rocatiles.com\/es\/rocatiles-careso-2025-04-02-at-08-29-07-6\/\" class=\"wp-image-109348\" srcset=\"https:\/\/www.rocatiles.com\/wp-content\/uploads\/2025\/04\/rocatiles-careso-2025-04-02-at-08.29.07-6-768x1024.jpeg 768w, https:\/\/www.rocatiles.com\/wp-content\/uploads\/2025\/04\/rocatiles-careso-2025-04-02-at-08.29.07-6-225x300.jpeg 225w, https:\/\/www.rocatiles.com\/wp-content\/uploads\/2025\/04\/rocatiles-careso-2025-04-02-at-08.29.07-6-1152x1536.jpeg 1152w, https:\/\/www.rocatiles.com\/wp-content\/uploads\/2025\/04\/rocatiles-careso-2025-04-02-at-08.29.07-6-1200x1600.jpeg 1200w, https:\/\/www.rocatiles.com\/wp-content\/uploads\/2025\/04\/rocatiles-careso-2025-04-02-at-08.29.07-6-600x800.jpeg 600w, https:\/\/www.rocatiles.com\/wp-content\/uploads\/2025\/04\/rocatiles-careso-2025-04-02-at-08.29.07-6-150x200.jpeg 150w, https:\/\/www.rocatiles.com\/wp-content\/uploads\/2025\/04\/rocatiles-careso-2025-04-02-at-08.29.07-6.jpeg 1536w\" sizes=\"(max-width: 768px) 100vw, 768px\" \/><\/figure><\/li><li class=\"blocks-gallery-item\"><figure><img loading=\"lazy\" width=\"768\" height=\"1024\" src=\"https:\/\/www.rocatiles.com\/wp-content\/uploads\/2025\/04\/rocatiles-careso-2025-04-02-at-08.29.07-768x1024.jpeg\" alt=\"\" data-id=\"109368\" data-full-url=\"https:\/\/www.rocatiles.com\/wp-content\/uploads\/2025\/04\/rocatiles-careso-2025-04-02-at-08.29.07.jpeg\" data-link=\"https:\/\/www.rocatiles.com\/es\/rocatiles-careso-2025-04-02-at-08-29-07\/\" class=\"wp-image-109368\" srcset=\"https:\/\/www.rocatiles.com\/wp-content\/uploads\/2025\/04\/rocatiles-careso-2025-04-02-at-08.29.07-768x1024.jpeg 768w, https:\/\/www.rocatiles.com\/wp-content\/uploads\/2025\/04\/rocatiles-careso-2025-04-02-at-08.29.07-225x300.jpeg 225w, https:\/\/www.rocatiles.com\/wp-content\/uploads\/2025\/04\/rocatiles-careso-2025-04-02-at-08.29.07-1152x1536.jpeg 1152w, https:\/\/www.rocatiles.com\/wp-content\/uploads\/2025\/04\/rocatiles-careso-2025-04-02-at-08.29.07-600x800.jpeg 600w, https:\/\/www.rocatiles.com\/wp-content\/uploads\/2025\/04\/rocatiles-careso-2025-04-02-at-08.29.07-150x200.jpeg 150w, https:\/\/www.rocatiles.com\/wp-content\/uploads\/2025\/04\/rocatiles-careso-2025-04-02-at-08.29.07.jpeg 1200w\" sizes=\"(max-width: 768px) 100vw, 768px\" \/><\/figure><\/li><li class=\"blocks-gallery-item\"><figure><img loading=\"lazy\" width=\"768\" height=\"1024\" src=\"https:\/\/www.rocatiles.com\/wp-content\/uploads\/2025\/04\/rocatiles-careso-2025-04-02-at-08.29.06-1-768x1024.jpeg\" alt=\"\" data-id=\"109364\" data-full-url=\"https:\/\/www.rocatiles.com\/wp-content\/uploads\/2025\/04\/rocatiles-careso-2025-04-02-at-08.29.06-1.jpeg\" data-link=\"https:\/\/www.rocatiles.com\/es\/rocatiles-careso-2025-04-02-at-08-29-06-1\/\" class=\"wp-image-109364\" srcset=\"https:\/\/www.rocatiles.com\/wp-content\/uploads\/2025\/04\/rocatiles-careso-2025-04-02-at-08.29.06-1-768x1024.jpeg 768w, https:\/\/www.rocatiles.com\/wp-content\/uploads\/2025\/04\/rocatiles-careso-2025-04-02-at-08.29.06-1-225x300.jpeg 225w, https:\/\/www.rocatiles.com\/wp-content\/uploads\/2025\/04\/rocatiles-careso-2025-04-02-at-08.29.06-1-1152x1536.jpeg 1152w, https:\/\/www.rocatiles.com\/wp-content\/uploads\/2025\/04\/rocatiles-careso-2025-04-02-at-08.29.06-1-600x800.jpeg 600w, https:\/\/www.rocatiles.com\/wp-content\/uploads\/2025\/04\/rocatiles-careso-2025-04-02-at-08.29.06-1-150x200.jpeg 150w, https:\/\/www.rocatiles.com\/wp-content\/uploads\/2025\/04\/rocatiles-careso-2025-04-02-at-08.29.06-1.jpeg 1200w\" sizes=\"(max-width: 768px) 100vw, 768px\" \/><\/figure><\/li><li class=\"blocks-gallery-item\"><figure><img loading=\"lazy\" width=\"768\" height=\"1024\" src=\"https:\/\/www.rocatiles.com\/wp-content\/uploads\/2025\/04\/rocatiles-careso-2025-04-02-at-08.29.06-2-768x1024.jpeg\" alt=\"\" data-id=\"109362\" data-full-url=\"https:\/\/www.rocatiles.com\/wp-content\/uploads\/2025\/04\/rocatiles-careso-2025-04-02-at-08.29.06-2.jpeg\" data-link=\"https:\/\/www.rocatiles.com\/es\/rocatiles-careso-2025-04-02-at-08-29-06-2\/\" class=\"wp-image-109362\" srcset=\"https:\/\/www.rocatiles.com\/wp-content\/uploads\/2025\/04\/rocatiles-careso-2025-04-02-at-08.29.06-2-768x1024.jpeg 768w, https:\/\/www.rocatiles.com\/wp-content\/uploads\/2025\/04\/rocatiles-careso-2025-04-02-at-08.29.06-2-225x300.jpeg 225w, https:\/\/www.rocatiles.com\/wp-content\/uploads\/2025\/04\/rocatiles-careso-2025-04-02-at-08.29.06-2-1152x1536.jpeg 1152w, https:\/\/www.rocatiles.com\/wp-content\/uploads\/2025\/04\/rocatiles-careso-2025-04-02-at-08.29.06-2-1200x1600.jpeg 1200w, https:\/\/www.rocatiles.com\/wp-content\/uploads\/2025\/04\/rocatiles-careso-2025-04-02-at-08.29.06-2-600x800.jpeg 600w, https:\/\/www.rocatiles.com\/wp-content\/uploads\/2025\/04\/rocatiles-careso-2025-04-02-at-08.29.06-2-150x200.jpeg 150w, https:\/\/www.rocatiles.com\/wp-content\/uploads\/2025\/04\/rocatiles-careso-2025-04-02-at-08.29.06-2.jpeg 1536w\" sizes=\"(max-width: 768px) 100vw, 768px\" \/><\/figure><\/li><li class=\"blocks-gallery-item\"><figure><img loading=\"lazy\" width=\"1024\" height=\"768\" src=\"https:\/\/www.rocatiles.com\/wp-content\/uploads\/2025\/04\/rocatiles-careso-2025-04-02-at-08.29.07-2-1024x768.jpeg\" alt=\"\" data-id=\"109356\" data-full-url=\"https:\/\/www.rocatiles.com\/wp-content\/uploads\/2025\/04\/rocatiles-careso-2025-04-02-at-08.29.07-2.jpeg\" data-link=\"https:\/\/www.rocatiles.com\/es\/rocatiles-careso-2025-04-02-at-08-29-07-2\/\" class=\"wp-image-109356\" srcset=\"https:\/\/www.rocatiles.com\/wp-content\/uploads\/2025\/04\/rocatiles-careso-2025-04-02-at-08.29.07-2-1024x768.jpeg 1024w, https:\/\/www.rocatiles.com\/wp-content\/uploads\/2025\/04\/rocatiles-careso-2025-04-02-at-08.29.07-2-300x225.jpeg 300w, https:\/\/www.rocatiles.com\/wp-content\/uploads\/2025\/04\/rocatiles-careso-2025-04-02-at-08.29.07-2-768x576.jpeg 768w, https:\/\/www.rocatiles.com\/wp-content\/uploads\/2025\/04\/rocatiles-careso-2025-04-02-at-08.29.07-2-1536x1152.jpeg 1536w, https:\/\/www.rocatiles.com\/wp-content\/uploads\/2025\/04\/rocatiles-careso-2025-04-02-at-08.29.07-2-1200x900.jpeg 1200w, https:\/\/www.rocatiles.com\/wp-content\/uploads\/2025\/04\/rocatiles-careso-2025-04-02-at-08.29.07-2-600x450.jpeg 600w, https:\/\/www.rocatiles.com\/wp-content\/uploads\/2025\/04\/rocatiles-careso-2025-04-02-at-08.29.07-2-150x113.jpeg 150w, https:\/\/www.rocatiles.com\/wp-content\/uploads\/2025\/04\/rocatiles-careso-2025-04-02-at-08.29.07-2.jpeg 2048w\" sizes=\"(max-width: 1024px) 100vw, 1024px\" \/><\/figure><\/li><li class=\"blocks-gallery-item\"><figure><img loading=\"lazy\" width=\"1024\" height=\"768\" src=\"https:\/\/www.rocatiles.com\/wp-content\/uploads\/2025\/04\/rocatiles-careso-2025-04-02-at-08.29.07-4-1024x768.jpeg\" alt=\"\" data-id=\"109352\" data-full-url=\"https:\/\/www.rocatiles.com\/wp-content\/uploads\/2025\/04\/rocatiles-careso-2025-04-02-at-08.29.07-4.jpeg\" data-link=\"https:\/\/www.rocatiles.com\/es\/rocatiles-careso-2025-04-02-at-08-29-07-4\/\" class=\"wp-image-109352\" srcset=\"https:\/\/www.rocatiles.com\/wp-content\/uploads\/2025\/04\/rocatiles-careso-2025-04-02-at-08.29.07-4-1024x768.jpeg 1024w, https:\/\/www.rocatiles.com\/wp-content\/uploads\/2025\/04\/rocatiles-careso-2025-04-02-at-08.29.07-4-300x225.jpeg 300w, https:\/\/www.rocatiles.com\/wp-content\/uploads\/2025\/04\/rocatiles-careso-2025-04-02-at-08.29.07-4-768x576.jpeg 768w, https:\/\/www.rocatiles.com\/wp-content\/uploads\/2025\/04\/rocatiles-careso-2025-04-02-at-08.29.07-4-1536x1152.jpeg 1536w, https:\/\/www.rocatiles.com\/wp-content\/uploads\/2025\/04\/rocatiles-careso-2025-04-02-at-08.29.07-4-1200x900.jpeg 1200w, https:\/\/www.rocatiles.com\/wp-content\/uploads\/2025\/04\/rocatiles-careso-2025-04-02-at-08.29.07-4-600x450.jpeg 600w, https:\/\/www.rocatiles.com\/wp-content\/uploads\/2025\/04\/rocatiles-careso-2025-04-02-at-08.29.07-4-150x113.jpeg 150w, https:\/\/www.rocatiles.com\/wp-content\/uploads\/2025\/04\/rocatiles-careso-2025-04-02-at-08.29.07-4.jpeg 2048w\" sizes=\"(max-width: 1024px) 100vw, 1024px\" \/><\/figure><\/li><\/ul><\/figure>\n<\/div>\n<\/div>\n\n\n\n<figure class=\"wp-block-image size-large\"><img loading=\"lazy\" width=\"900\" height=\"600\" src=\"https:\/\/www.rocatiles.com\/wp-content\/uploads\/2025\/04\/interiorarquit-roca-tiles.jpg\" alt=\"\" class=\"wp-image-109338\" srcset=\"https:\/\/www.rocatiles.com\/wp-content\/uploads\/2025\/04\/interiorarquit-roca-tiles.jpg 900w, https:\/\/www.rocatiles.com\/wp-content\/uploads\/2025\/04\/interiorarquit-roca-tiles-300x200.jpg 300w, https:\/\/www.rocatiles.com\/wp-content\/uploads\/2025\/04\/interiorarquit-roca-tiles-768x512.jpg 768w, https:\/\/www.rocatiles.com\/wp-content\/uploads\/2025\/04\/interiorarquit-roca-tiles-600x400.jpg 600w, https:\/\/www.rocatiles.com\/wp-content\/uploads\/2025\/04\/interiorarquit-roca-tiles-150x100.jpg 150w\" sizes=\"(max-width: 900px) 100vw, 900px\" \/><\/figure>\n<\/div><\/div>\n","protected":false},"excerpt":{"rendered":"<p>La firma presenta series porcel\u00e1nicas de alto valor est\u00e9tico y t\u00e9cnico, innovando en superficies, texturas y formatos.<\/p>\n","protected":false},"author":12,"featured_media":109358,"comment_status":"closed","ping_status":"closed","sticky":false,"template":"","format":"standard","meta":[],"categories":[1081],"tags":[],"yoast_head":"<!-- This site is optimized with the Yoast SEO Premium plugin v16.4 (Yoast SEO v16.4) - https:\/\/yoast.com\/wordpress\/plugins\/seo\/ -->\n<title>Roca Tiles presente en Les Ateliers Du Commerce 2025 en Marsella - Roca Cer\u00e1mica<\/title>\n<meta name=\"robots\" content=\"index, follow, max-snippet:-1, max-image-preview:large, max-video-preview:-1\" \/>\n<link rel=\"canonical\" href=\"https:\/\/www.rocatiles.com\/es\/rocalife\/Roca-Tiles-presente-en-Les-Ateliers-Du-Commerce-2025-en-Marsella\/\" \/>\n<meta property=\"og:locale\" content=\"es_ES\" \/>\n<meta property=\"og:type\" content=\"article\" \/>\n<meta property=\"og:title\" content=\"Roca Tiles presente en Les Ateliers Du Commerce 2025 en Marsella - Roca Cer\u00e1mica\" \/>\n<meta property=\"og:description\" content=\"La firma presenta series porcel\u00e1nicas de alto valor est\u00e9tico y t\u00e9cnico, innovando en superficies, texturas y formatos.\" \/>\n<meta property=\"og:url\" content=\"https:\/\/www.rocatiles.com\/es\/rocalife\/Roca-Tiles-presente-en-Les-Ateliers-Du-Commerce-2025-en-Marsella\/\" \/>\n<meta property=\"og:site_name\" content=\"Roca Cer\u00e1mica\" \/>\n<meta property=\"article:published_time\" content=\"2025-04-01T11:44:46+00:00\" \/>\n<meta property=\"article:modified_time\" content=\"2025-04-08T08:04:41+00:00\" \/>\n<meta property=\"og:image\" content=\"https:\/\/www.rocatiles.com\/wp-content\/uploads\/2025\/04\/rocatiles-careso-2025-04-02-at-08.29.07-1.jpeg\" \/>\n\t<meta property=\"og:image:width\" content=\"2048\" \/>\n\t<meta property=\"og:image:height\" content=\"1536\" \/>\n<meta name=\"twitter:card\" content=\"summary_large_image\" \/>\n<meta name=\"twitter:label1\" content=\"Tiempo de lectura\" \/>\n\t<meta name=\"twitter:data1\" content=\"4 minutos\" \/>\n<script type=\"application\/ld+json\" class=\"yoast-schema-graph\">{\"@context\":\"https:\/\/schema.org\",\"@graph\":[{\"@type\":\"WebSite\",\"@id\":\"https:\/\/www.rocatiles.com\/#website\",\"url\":\"https:\/\/www.rocatiles.com\/\",\"name\":\"Roca Cer\\u00e1mica\",\"description\":\"Pavimentos y revestimientos | Azulejos | Roca | ROCA Ba\\u00f1os\",\"potentialAction\":[{\"@type\":\"SearchAction\",\"target\":\"https:\/\/www.rocatiles.com\/?s={search_term_string}\",\"query-input\":\"required name=search_term_string\"}],\"inLanguage\":\"es\"},{\"@type\":\"ImageObject\",\"@id\":\"https:\/\/www.rocatiles.com\/es\/rocalife\/Roca-Tiles-presente-en-Les-Ateliers-Du-Commerce-2025-en-Marsella\/#primaryimage\",\"inLanguage\":\"es\",\"url\":\"https:\/\/www.rocatiles.com\/wp-content\/uploads\/2025\/04\/rocatiles-careso-2025-04-02-at-08.29.07-1.jpeg\",\"contentUrl\":\"https:\/\/www.rocatiles.com\/wp-content\/uploads\/2025\/04\/rocatiles-careso-2025-04-02-at-08.29.07-1.jpeg\",\"width\":2048,\"height\":1536},{\"@type\":\"WebPage\",\"@id\":\"https:\/\/www.rocatiles.com\/es\/rocalife\/Roca-Tiles-presente-en-Les-Ateliers-Du-Commerce-2025-en-Marsella\/#webpage\",\"url\":\"https:\/\/www.rocatiles.com\/es\/rocalife\/Roca-Tiles-presente-en-Les-Ateliers-Du-Commerce-2025-en-Marsella\/\",\"name\":\"Roca Tiles presente en Les Ateliers Du Commerce 2025 en Marsella - Roca Cer\\u00e1mica\",\"isPartOf\":{\"@id\":\"https:\/\/www.rocatiles.com\/#website\"},\"primaryImageOfPage\":{\"@id\":\"https:\/\/www.rocatiles.com\/es\/rocalife\/Roca-Tiles-presente-en-Les-Ateliers-Du-Commerce-2025-en-Marsella\/#primaryimage\"},\"datePublished\":\"2025-04-01T11:44:46+00:00\",\"dateModified\":\"2025-04-08T08:04:41+00:00\",\"author\":{\"@id\":\"https:\/\/www.rocatiles.com\/#\/schema\/person\/9fa4e5b99973e662f82ebcd8600a3349\"},\"breadcrumb\":{\"@id\":\"https:\/\/www.rocatiles.com\/es\/rocalife\/Roca-Tiles-presente-en-Les-Ateliers-Du-Commerce-2025-en-Marsella\/#breadcrumb\"},\"inLanguage\":\"es\",\"potentialAction\":[{\"@type\":\"ReadAction\",\"target\":[\"https:\/\/www.rocatiles.com\/es\/rocalife\/Roca-Tiles-presente-en-Les-Ateliers-Du-Commerce-2025-en-Marsella\/\"]}]},{\"@type\":\"BreadcrumbList\",\"@id\":\"https:\/\/www.rocatiles.com\/es\/rocalife\/Roca-Tiles-presente-en-Les-Ateliers-Du-Commerce-2025-en-Marsella\/#breadcrumb\",\"itemListElement\":[{\"@type\":\"ListItem\",\"position\":1,\"item\":{\"@type\":\"WebPage\",\"@id\":\"https:\/\/www.rocatiles.com\/es\/\",\"url\":\"https:\/\/www.rocatiles.com\/es\/\",\"name\":\"Home\"}},{\"@type\":\"ListItem\",\"position\":2,\"item\":{\"@id\":\"https:\/\/www.rocatiles.com\/es\/rocalife\/Roca-Tiles-presente-en-Les-Ateliers-Du-Commerce-2025-en-Marsella\/#webpage\"}}]},{\"@type\":\"Person\",\"@id\":\"https:\/\/www.rocatiles.com\/#\/schema\/person\/9fa4e5b99973e662f82ebcd8600a3349\",\"name\":\"Ana Nebot\",\"image\":{\"@type\":\"ImageObject\",\"@id\":\"https:\/\/www.rocatiles.com\/#personlogo\",\"inLanguage\":\"es\",\"url\":\"https:\/\/secure.gravatar.com\/avatar\/e49aee504dedca539352e8847f2029af?s=96&d=mm&r=g\",\"contentUrl\":\"https:\/\/secure.gravatar.com\/avatar\/e49aee504dedca539352e8847f2029af?s=96&d=mm&r=g\",\"caption\":\"Ana Nebot\"},\"url\":\"https:\/\/www.rocatiles.com\/es\/rocalife\/author\/nebana01\/\"}]}<\/script>\n<!-- \/ Yoast SEO Premium plugin. -->","_links":{"self":[{"href":"https:\/\/www.rocatiles.com\/es\/wp-json\/wp\/v2\/posts\/109340"}],"collection":[{"href":"https:\/\/www.rocatiles.com\/es\/wp-json\/wp\/v2\/posts"}],"about":[{"href":"https:\/\/www.rocatiles.com\/es\/wp-json\/wp\/v2\/types\/post"}],"author":[{"embeddable":true,"href":"https:\/\/www.rocatiles.com\/es\/wp-json\/wp\/v2\/users\/12"}],"replies":[{"embeddable":true,"href":"https:\/\/www.rocatiles.com\/es\/wp-json\/wp\/v2\/comments?post=109340"}],"version-history":[{"count":7,"href":"https:\/\/www.rocatiles.com\/es\/wp-json\/wp\/v2\/posts\/109340\/revisions"}],"predecessor-version":[{"id":109456,"href":"https:\/\/www.rocatiles.com\/es\/wp-json\/wp\/v2\/posts\/109340\/revisions\/109456"}],"wp:featuredmedia":[{"embeddable":true,"href":"https:\/\/www.rocatiles.com\/es\/wp-json\/wp\/v2\/media\/109358"}],"wp:attachment":[{"href":"https:\/\/www.rocatiles.com\/es\/wp-json\/wp\/v2\/media?parent=109340"}],"wp:term":[{"taxonomy":"category","embeddable":true,"href":"https:\/\/www.rocatiles.com\/es\/wp-json\/wp\/v2\/categories?post=109340"},{"taxonomy":"post_tag","embeddable":true,"href":"https:\/\/www.rocatiles.com\/es\/wp-json\/wp\/v2\/tags?post=109340"}],"curies":[{"name":"wp","href":"https:\/\/api.w.org\/{rel}","templated":true}]}}