{"id":114445,"date":"2025-09-10T06:20:33","date_gmt":"2025-09-10T06:20:33","guid":{"rendered":"https:\/\/www.rocatiles.com\/?p=114445"},"modified":"2025-09-10T06:22:50","modified_gmt":"2025-09-10T06:22:50","slug":"%e2%80%9cOrigin-conecta-con-el-corazon-de-la-marca%e2%80%9d-Jose-Maria-Gimeno-Summumstudio","status":"publish","type":"post","link":"https:\/\/www.rocatiles.com\/es\/rocalife\/%e2%80%9cOrigin-conecta-con-el-corazon-de-la-marca%e2%80%9d-Jose-Maria-Gimeno-Summumstudio\/","title":{"rendered":"\u201cOrigin conecta con el coraz\u00f3n de la marca\u201d: Jos\u00e9 Mar\u00eda Gimeno, Summumstudio"},"content":{"rendered":"\n<p><strong>Summumstudio firma por segundo a\u00f1o consecutivo el stand de Roca Tiles en CERSAIE. Tras el concepto Synchrony, que aport\u00f3 coherencia al portfolio de la firma llega <em>Origin<\/em>, una propuesta m\u00e1s profunda, que explora los valores esenciales de la marca a trav\u00e9s de formas puras, geometr\u00edas atemporales y materiales que evocan lo p\u00e9treo. <\/strong><\/p>\n\n\n\n<p><strong>Vuestro estudio ha trabajado ya en anteriores ocasiones con Roca Tile, en concreto en el stand de la pasada edici\u00f3n -y el concepto Synchrony-. \u00bfCu\u00e1l ha sido tu principal fuente de inspiraci\u00f3n al crear ahora <em>Origin<\/em> para Roca Tile?<\/strong><\/p>\n\n\n\n<p>Como bien has apuntado, no es la primera ocasi\u00f3n en la cual colaboramos. En la edici\u00f3n anterior, el concepto fue <em>Synchrony, <\/em>en \u00e9sta <em>Origin<\/em>. La diferencia ha sido que en aquella ocasi\u00f3n el trabajo se realiz\u00f3 de forma m\u00e1s superficial, de exterior a interior, generando una l\u00ednea que conectara todos los materiales. En esta segunda etapa, hemos dado un paso m\u00e1s hacia el interior, conectando directamente con el <em>core<\/em> de la compa\u00f1\u00eda, con el origen de la marca. Este contacto con los valores de Roca Tiles se plasma de forma latente en la propuesta arquitect\u00f3nica de <em>Origin<\/em>.<\/p>\n\n\n\n<p><strong>\u00bfCu\u00e1les han sido los desaf\u00edos m\u00e1s significativos al dise\u00f1ar el stand para CERSAIE y c\u00f3mo los has abordado?<\/strong><\/p>\n\n\n\n<p>Dir\u00eda que ha habido dos retos principales. El primero, representar arquitect\u00f3nicamente los valores de la marca: una compa\u00f1\u00eda que se posiciona con una l\u00ednea de productos atemporales, coherentes y muy bien hilados. Esto nos llev\u00f3 a proyectar una propuesta sobria, minimalista, donde el protagonismo recayera en el producto. El segundo reto fue generar un escenario en el que convivieran materialidades muy diferentes, integrando las necesidades de los distintos mercados en un contenedor m\u00e1s sobrio y elegante, logrando equilibrio entre distintas visiones.<\/p>\n\n\n\n<figure class=\"wp-block-image size-large\"><img loading=\"lazy\" width=\"1024\" height=\"576\" src=\"https:\/\/www.rocatiles.com\/wp-content\/uploads\/2025\/09\/ORIGIN_STAND-CERSAIE-ROCA-25-1024x576.jpeg\" alt=\"\" class=\"wp-image-114448\" srcset=\"https:\/\/www.rocatiles.com\/wp-content\/uploads\/2025\/09\/ORIGIN_STAND-CERSAIE-ROCA-25-1024x576.jpeg 1024w, https:\/\/www.rocatiles.com\/wp-content\/uploads\/2025\/09\/ORIGIN_STAND-CERSAIE-ROCA-25-300x169.jpeg 300w, https:\/\/www.rocatiles.com\/wp-content\/uploads\/2025\/09\/ORIGIN_STAND-CERSAIE-ROCA-25-768x432.jpeg 768w, https:\/\/www.rocatiles.com\/wp-content\/uploads\/2025\/09\/ORIGIN_STAND-CERSAIE-ROCA-25-1536x864.jpeg 1536w, https:\/\/www.rocatiles.com\/wp-content\/uploads\/2025\/09\/ORIGIN_STAND-CERSAIE-ROCA-25-2048x1152.jpeg 2048w, https:\/\/www.rocatiles.com\/wp-content\/uploads\/2025\/09\/ORIGIN_STAND-CERSAIE-ROCA-25-1200x675.jpeg 1200w, https:\/\/www.rocatiles.com\/wp-content\/uploads\/2025\/09\/ORIGIN_STAND-CERSAIE-ROCA-25-600x338.jpeg 600w, https:\/\/www.rocatiles.com\/wp-content\/uploads\/2025\/09\/ORIGIN_STAND-CERSAIE-ROCA-25-150x84.jpeg 150w\" sizes=\"(max-width: 1024px) 100vw, 1024px\" \/><\/figure>\n\n\n\n<p><strong>\u00bfQu\u00e9 representa <em>Origin<\/em> y qu\u00e9 elementos consideras clave para transmitir este mensaje?<\/strong><\/p>\n\n\n\n<p>La propuesta arquitect\u00f3nica parte de un bloque de piedra, como si se tratara de un prisma rectangular extra\u00eddo de una cantera, sometido a cortes estrat\u00e9gicos. De ah\u00ed surge la circulaci\u00f3n hacia el interior del stand. El per\u00edmetro se configura con t\u00f3tems de gran formato que generan la piel exterior, mientras que en el coraz\u00f3n se encuentra un espacio circular que articula la distribuci\u00f3n. Hablamos de geometr\u00edas puras, atemporales y arquitect\u00f3nicas que reivindican los valores esenciales de la marca.<\/p>\n\n\n\n<p><strong>\u00bfC\u00f3mo ha sido el proceso de colaboraci\u00f3n con el equipo de Roca Tile para que el proyecto se alineara con la visi\u00f3n de la marca?<\/strong><\/p>\n\n\n\n<p>La colaboraci\u00f3n ha sido muy cercana. Hemos trabajado en contacto con los equipos internacionales, intercambiando visiones y adaptando necesidades. El resultado es un proyecto coherente con la direcci\u00f3n de marca y fiel a sus valores.<\/p>\n\n\n\n<p><strong>\u00bfQu\u00e9 elementos y materiales has elegido para el stand y c\u00f3mo contribuyen a Origin?<\/strong><\/p>\n\n\n\n<p>Quer\u00edamos transmitir la idea de volumen s\u00f3lido y contundente, asociado a una compa\u00f1\u00eda robusta y potente. Por eso, el per\u00edmetro se conforma con grandes t\u00f3tems de aspecto p\u00e9treo, casi calc\u00e1reo, que refuerzan esa sensaci\u00f3n de bloque macizo. La experiencia de atravesar estos vol\u00famenes recuerda la entrada a una cantera, conectando directamente con la materia.<\/p>\n\n\n\n<p><strong>\u00bfC\u00f3mo se refleja la est\u00e9tica y la funcionalidad de los productos de Roca Tile en el dise\u00f1o del stand?<\/strong><\/p>\n\n\n\n<p>El espacio busca ser un contenedor sobrio y elegante en el que el protagonismo lo tenga el producto. La arquitectura acompa\u00f1a a la cer\u00e1mica, sin imponerse, para mostrar la versatilidad y coherencia del portfolio de Roca Tiles.<\/p>\n\n\n\n<p><strong>\u00bfQu\u00e9 esperas que los visitantes del stand se lleven despu\u00e9s de visitar <em>Origin<\/em>?<\/strong><\/p>\n\n\n\n<p>Principalmente, una experiencia. Desde la primera vista exterior, donde no queda claro el acceso, hasta el momento en que atraviesan los muros pesados y entran en el espacio circular interior. El recorrido est\u00e1 dise\u00f1ado para favorecer la vivencia del visitante y para que descubra la dualidad entre la zona social y la expositiva.<\/p>\n\n\n\n<figure class=\"wp-block-image size-large\"><img loading=\"lazy\" width=\"1024\" height=\"576\" src=\"https:\/\/www.rocatiles.com\/wp-content\/uploads\/2025\/09\/1754041016714-1-1024x576.jpeg\" alt=\"\" class=\"wp-image-114450\" srcset=\"https:\/\/www.rocatiles.com\/wp-content\/uploads\/2025\/09\/1754041016714-1-1024x576.jpeg 1024w, https:\/\/www.rocatiles.com\/wp-content\/uploads\/2025\/09\/1754041016714-1-300x169.jpeg 300w, https:\/\/www.rocatiles.com\/wp-content\/uploads\/2025\/09\/1754041016714-1-768x432.jpeg 768w, https:\/\/www.rocatiles.com\/wp-content\/uploads\/2025\/09\/1754041016714-1-1536x864.jpeg 1536w, https:\/\/www.rocatiles.com\/wp-content\/uploads\/2025\/09\/1754041016714-1-1200x675.jpeg 1200w, https:\/\/www.rocatiles.com\/wp-content\/uploads\/2025\/09\/1754041016714-1-600x338.jpeg 600w, https:\/\/www.rocatiles.com\/wp-content\/uploads\/2025\/09\/1754041016714-1-150x84.jpeg 150w, https:\/\/www.rocatiles.com\/wp-content\/uploads\/2025\/09\/1754041016714-1.jpeg 2048w\" sizes=\"(max-width: 1024px) 100vw, 1024px\" \/><\/figure>\n\n\n\n<p><strong>\u00bfDe qu\u00e9 forma contribuyen los nuevos materiales cer\u00e1micos de Roca Tiles en proyectos de arquitectura e interiorismo? \u00bfQu\u00e9 aportan las nuevas colecciones frente a los materiales naturales?<\/strong><\/p>\n\n\n\n<p>Desde que trabajamos con la compa\u00f1\u00eda hemos visto una evoluci\u00f3n clara hacia una l\u00ednea de productos muy bien hilada. Esto asegura que cualquier selecci\u00f3n de materiales -ya sea por un profesional o un cliente final- se coordine naturalmente. Existe una direcci\u00f3n art\u00edstica que garantiza coherencia y facilita el trabajo en proyectos arquitect\u00f3nicos e interioristas.<\/p>\n\n\n\n<p><strong>En tu opini\u00f3n, \u00bfc\u00f3mo se alinean las \u00faltimas colecciones de Roca Tiles con las tendencias actuales? \u00bfHay hueco para la innovaci\u00f3n en el producto cer\u00e1mico?<\/strong><\/p>\n\n\n\n<p>Por supuesto. La cer\u00e1mica es un material con un alt\u00edsimo componente tecnol\u00f3gico que sorprende a quienes no conocen el sector. Creo que la verdadera evoluci\u00f3n llegar\u00e1 cuando la cer\u00e1mica deje de imitar materiales nobles y consiga consolidarse como un material en esencia. Cuando la tierra, que es su origen, se convierta en un material noble por s\u00ed misma. Esa es la direcci\u00f3n en la que deber\u00eda avanzar la innovaci\u00f3n en cer\u00e1mica.<\/p>\n\n\n\n<p><em>Fotograf\u00eda de cabecera de Juan Mart\u00edn. Jos\u00e9 Mar\u00eda Gimeno, CEO y director creativo, y Andr\u00e9s Navarro, director t\u00e9cnico de Summumstudio.<\/em><\/p>\n\n\n\n<figure class=\"wp-block-image size-large\"><img loading=\"lazy\" width=\"1024\" height=\"1024\" src=\"https:\/\/www.rocatiles.com\/wp-content\/uploads\/2025\/09\/1756754680913-1-1024x1024.jpeg\" alt=\"\" class=\"wp-image-114452\" srcset=\"https:\/\/www.rocatiles.com\/wp-content\/uploads\/2025\/09\/1756754680913-1-1024x1024.jpeg 1024w, https:\/\/www.rocatiles.com\/wp-content\/uploads\/2025\/09\/1756754680913-1-300x300.jpeg 300w, https:\/\/www.rocatiles.com\/wp-content\/uploads\/2025\/09\/1756754680913-1-150x150.jpeg 150w, https:\/\/www.rocatiles.com\/wp-content\/uploads\/2025\/09\/1756754680913-1-768x768.jpeg 768w, https:\/\/www.rocatiles.com\/wp-content\/uploads\/2025\/09\/1756754680913-1-1200x1200.jpeg 1200w, https:\/\/www.rocatiles.com\/wp-content\/uploads\/2025\/09\/1756754680913-1-600x600.jpeg 600w, https:\/\/www.rocatiles.com\/wp-content\/uploads\/2025\/09\/1756754680913-1.jpeg 1370w\" sizes=\"(max-width: 1024px) 100vw, 1024px\" \/><\/figure>\n","protected":false},"excerpt":{"rendered":"<p>En esta entrevista, Jos\u00e9 Mar\u00eda Gimeno, socio fundador de Summumstudio, nos descubre las claves creativas y estrat\u00e9gicas que han dado forma al espacio de Roca Tiles que ser\u00e1 presentado en CERSAIE en Bolonia el pr\u00f3ximo 22 de septiembre.<\/p>\n","protected":false},"author":12,"featured_media":114446,"comment_status":"closed","ping_status":"closed","sticky":false,"template":"","format":"standard","meta":[],"categories":[1010,1007,1008],"tags":[],"yoast_head":"<!-- This site is optimized with the Yoast SEO Premium plugin v16.4 (Yoast SEO v16.4) - https:\/\/yoast.com\/wordpress\/plugins\/seo\/ -->\n<title>\u201cOrigin conecta con el coraz\u00f3n de la marca\u201d: Jos\u00e9 Mar\u00eda Gimeno, Summumstudio - Roca Cer\u00e1mica<\/title>\n<meta name=\"robots\" content=\"index, follow, max-snippet:-1, max-image-preview:large, max-video-preview:-1\" \/>\n<link rel=\"canonical\" href=\"https:\/\/www.rocatiles.com\/es\/rocalife\/\u201cOrigin-conecta-con-el-corazon-de-la-marca\u201d-Jose-Maria-Gimeno-Summumstudio\/\" \/>\n<meta property=\"og:locale\" content=\"es_ES\" \/>\n<meta property=\"og:type\" content=\"article\" \/>\n<meta property=\"og:title\" content=\"\u201cOrigin conecta con el coraz\u00f3n de la marca\u201d: Jos\u00e9 Mar\u00eda Gimeno, Summumstudio - Roca Cer\u00e1mica\" \/>\n<meta property=\"og:description\" content=\"En esta entrevista, Jos\u00e9 Mar\u00eda Gimeno, socio fundador de Summumstudio, nos descubre las claves creativas y estrat\u00e9gicas que han dado forma al espacio de Roca Tiles que ser\u00e1 presentado en CERSAIE en Bolonia el pr\u00f3ximo 22 de septiembre.\" \/>\n<meta property=\"og:url\" content=\"https:\/\/www.rocatiles.com\/es\/rocalife\/\u201cOrigin-conecta-con-el-corazon-de-la-marca\u201d-Jose-Maria-Gimeno-Summumstudio\/\" \/>\n<meta property=\"og:site_name\" content=\"Roca Cer\u00e1mica\" \/>\n<meta property=\"article:published_time\" content=\"2025-09-10T06:20:33+00:00\" \/>\n<meta property=\"article:modified_time\" content=\"2025-09-10T06:22:50+00:00\" \/>\n<meta property=\"og:image\" content=\"https:\/\/www.rocatiles.com\/wp-content\/uploads\/2025\/09\/2025-Summumstudio-1peq.jpg\" \/>\n\t<meta property=\"og:image:width\" content=\"1720\" \/>\n\t<meta property=\"og:image:height\" content=\"1147\" \/>\n<meta name=\"twitter:card\" content=\"summary_large_image\" \/>\n<meta name=\"twitter:label1\" content=\"Tiempo de lectura\" \/>\n\t<meta name=\"twitter:data1\" content=\"5 minutos\" \/>\n<script type=\"application\/ld+json\" class=\"yoast-schema-graph\">{\"@context\":\"https:\/\/schema.org\",\"@graph\":[{\"@type\":\"WebSite\",\"@id\":\"https:\/\/www.rocatiles.com\/#website\",\"url\":\"https:\/\/www.rocatiles.com\/\",\"name\":\"Roca Cer\\u00e1mica\",\"description\":\"Pavimentos y revestimientos | Azulejos | Roca | ROCA Ba\\u00f1os\",\"potentialAction\":[{\"@type\":\"SearchAction\",\"target\":\"https:\/\/www.rocatiles.com\/?s={search_term_string}\",\"query-input\":\"required name=search_term_string\"}],\"inLanguage\":\"es\"},{\"@type\":\"ImageObject\",\"@id\":\"https:\/\/www.rocatiles.com\/es\/rocalife\/%e2%80%9cOrigin-conecta-con-el-corazon-de-la-marca%e2%80%9d-Jose-Maria-Gimeno-Summumstudio\/#primaryimage\",\"inLanguage\":\"es\",\"url\":\"https:\/\/www.rocatiles.com\/wp-content\/uploads\/2025\/09\/2025-Summumstudio-1peq.jpg\",\"contentUrl\":\"https:\/\/www.rocatiles.com\/wp-content\/uploads\/2025\/09\/2025-Summumstudio-1peq.jpg\",\"width\":1720,\"height\":1147},{\"@type\":\"WebPage\",\"@id\":\"https:\/\/www.rocatiles.com\/es\/rocalife\/%e2%80%9cOrigin-conecta-con-el-corazon-de-la-marca%e2%80%9d-Jose-Maria-Gimeno-Summumstudio\/#webpage\",\"url\":\"https:\/\/www.rocatiles.com\/es\/rocalife\/%e2%80%9cOrigin-conecta-con-el-corazon-de-la-marca%e2%80%9d-Jose-Maria-Gimeno-Summumstudio\/\",\"name\":\"\\u201cOrigin conecta con el coraz\\u00f3n de la marca\\u201d: Jos\\u00e9 Mar\\u00eda Gimeno, Summumstudio - Roca Cer\\u00e1mica\",\"isPartOf\":{\"@id\":\"https:\/\/www.rocatiles.com\/#website\"},\"primaryImageOfPage\":{\"@id\":\"https:\/\/www.rocatiles.com\/es\/rocalife\/%e2%80%9cOrigin-conecta-con-el-corazon-de-la-marca%e2%80%9d-Jose-Maria-Gimeno-Summumstudio\/#primaryimage\"},\"datePublished\":\"2025-09-10T06:20:33+00:00\",\"dateModified\":\"2025-09-10T06:22:50+00:00\",\"author\":{\"@id\":\"https:\/\/www.rocatiles.com\/#\/schema\/person\/9fa4e5b99973e662f82ebcd8600a3349\"},\"breadcrumb\":{\"@id\":\"https:\/\/www.rocatiles.com\/es\/rocalife\/%e2%80%9cOrigin-conecta-con-el-corazon-de-la-marca%e2%80%9d-Jose-Maria-Gimeno-Summumstudio\/#breadcrumb\"},\"inLanguage\":\"es\",\"potentialAction\":[{\"@type\":\"ReadAction\",\"target\":[\"https:\/\/www.rocatiles.com\/es\/rocalife\/%e2%80%9cOrigin-conecta-con-el-corazon-de-la-marca%e2%80%9d-Jose-Maria-Gimeno-Summumstudio\/\"]}]},{\"@type\":\"BreadcrumbList\",\"@id\":\"https:\/\/www.rocatiles.com\/es\/rocalife\/%e2%80%9cOrigin-conecta-con-el-corazon-de-la-marca%e2%80%9d-Jose-Maria-Gimeno-Summumstudio\/#breadcrumb\",\"itemListElement\":[{\"@type\":\"ListItem\",\"position\":1,\"item\":{\"@type\":\"WebPage\",\"@id\":\"https:\/\/www.rocatiles.com\/es\/\",\"url\":\"https:\/\/www.rocatiles.com\/es\/\",\"name\":\"Home\"}},{\"@type\":\"ListItem\",\"position\":2,\"item\":{\"@id\":\"https:\/\/www.rocatiles.com\/es\/rocalife\/%e2%80%9cOrigin-conecta-con-el-corazon-de-la-marca%e2%80%9d-Jose-Maria-Gimeno-Summumstudio\/#webpage\"}}]},{\"@type\":\"Person\",\"@id\":\"https:\/\/www.rocatiles.com\/#\/schema\/person\/9fa4e5b99973e662f82ebcd8600a3349\",\"name\":\"Ana Nebot\",\"image\":{\"@type\":\"ImageObject\",\"@id\":\"https:\/\/www.rocatiles.com\/#personlogo\",\"inLanguage\":\"es\",\"url\":\"https:\/\/secure.gravatar.com\/avatar\/e49aee504dedca539352e8847f2029af?s=96&d=mm&r=g\",\"contentUrl\":\"https:\/\/secure.gravatar.com\/avatar\/e49aee504dedca539352e8847f2029af?s=96&d=mm&r=g\",\"caption\":\"Ana Nebot\"},\"url\":\"https:\/\/www.rocatiles.com\/es\/rocalife\/author\/nebana01\/\"}]}<\/script>\n<!-- \/ Yoast SEO Premium plugin. -->","_links":{"self":[{"href":"https:\/\/www.rocatiles.com\/es\/wp-json\/wp\/v2\/posts\/114445"}],"collection":[{"href":"https:\/\/www.rocatiles.com\/es\/wp-json\/wp\/v2\/posts"}],"about":[{"href":"https:\/\/www.rocatiles.com\/es\/wp-json\/wp\/v2\/types\/post"}],"author":[{"embeddable":true,"href":"https:\/\/www.rocatiles.com\/es\/wp-json\/wp\/v2\/users\/12"}],"replies":[{"embeddable":true,"href":"https:\/\/www.rocatiles.com\/es\/wp-json\/wp\/v2\/comments?post=114445"}],"version-history":[{"count":1,"href":"https:\/\/www.rocatiles.com\/es\/wp-json\/wp\/v2\/posts\/114445\/revisions"}],"predecessor-version":[{"id":114456,"href":"https:\/\/www.rocatiles.com\/es\/wp-json\/wp\/v2\/posts\/114445\/revisions\/114456"}],"wp:featuredmedia":[{"embeddable":true,"href":"https:\/\/www.rocatiles.com\/es\/wp-json\/wp\/v2\/media\/114446"}],"wp:attachment":[{"href":"https:\/\/www.rocatiles.com\/es\/wp-json\/wp\/v2\/media?parent=114445"}],"wp:term":[{"taxonomy":"category","embeddable":true,"href":"https:\/\/www.rocatiles.com\/es\/wp-json\/wp\/v2\/categories?post=114445"},{"taxonomy":"post_tag","embeddable":true,"href":"https:\/\/www.rocatiles.com\/es\/wp-json\/wp\/v2\/tags?post=114445"}],"curies":[{"name":"wp","href":"https:\/\/api.w.org\/{rel}","templated":true}]}}