{"id":115843,"date":"2025-10-30T08:46:00","date_gmt":"2025-10-30T08:46:00","guid":{"rendered":"https:\/\/www.rocatiles.com\/?p=115843"},"modified":"2025-10-31T09:05:31","modified_gmt":"2025-10-31T09:05:31","slug":"Roca-Tiles-presenta-en-Interihotel-2025-su-nueva-propuesta-Dolce-Vita","status":"publish","type":"post","link":"https:\/\/www.rocatiles.com\/es\/rocalife\/Roca-Tiles-presenta-en-Interihotel-2025-su-nueva-propuesta-Dolce-Vita\/","title":{"rendered":"Roca Tiles presenta en Interihotel 2025 su nueva propuesta Dolce Vita"},"content":{"rendered":"\n<p>Roca Tiles ha participado en la decimoquinta edici\u00f3n de Interihotel, el principal evento europeo dedicado al interiorismo en hoteles y restaurantes, celebrado en <strong>Fira Barcelona Gran V\u00eda del 21 al 23 de octubre<\/strong>. Bajo el lema <strong>\u201c<em>The Power of Encounters<\/em>\u201d<\/strong>, esta edici\u00f3n ha reunido a m\u00e1s de 290 marcas expositoras y 11.600 profesionales del sector hospitality de 53 pa\u00edses, consolidando su papel como punto de encuentro entre dise\u00f1o, innovaci\u00f3n y experiencia.<\/p>\n\n\n\n<p>En esta ocasi\u00f3n, Roca Tiles ha estado presente junto a Roca Sanitario, mostrando una propuesta expositiva concebida por el dise\u00f1ador e interiorista<strong> Isern Serra<\/strong>, inspirada en la arquitectura mediterr\u00e1nea y en la b\u00fasqueda del bienestar a trav\u00e9s del dise\u00f1o. El espacio, de l\u00edneas puras y envolventes, ha reflejado la visi\u00f3n compartida de ambas firmas en crear ambientes que transmitan serenidad, confort y equilibrio.<\/p>\n\n\n\n<p>Entre las novedades presentadas, destaca la colecci\u00f3n <strong><a href=\"https:\/\/www.rocatiles.com\/es\/colecciones\/cementos\/dolce-vita\/\" target=\"_blank\" rel=\"noreferrer noopener\">Dolce Vita<\/a><\/strong>, en especial Dolce Beige, porcel\u00e1nico de tono c\u00e1lido y natural, elegido por su versatilidad para integrarse en proyectos residenciales y contract.<\/p>\n\n\n\n<p>El dise\u00f1o del stand permiti\u00f3 apreciar la integraci\u00f3n de las superficies cer\u00e1micas de Roca Tiles con las soluciones de ba\u00f1o de Roca, mostrando una propuesta de dise\u00f1o de espacios sostenibles y est\u00e9ticamente coherentes.<\/p>\n\n\n\n<p>Interihotel&nbsp; alcanz\u00f3 cifras r\u00e9cord de asistencia y ofreci\u00f3 un completo programa de conferencias, talleres y espacios experienciales que exploraron las nuevas fronteras del dise\u00f1o, la sostenibilidad y la aplicaci\u00f3n de la inteligencia artificial en el interiorismo.<\/p>\n\n\n\n<p>M\u00e1s informaci\u00f3n sobre el evento en <a href=\"https:\/\/interihotel.com\/\" target=\"_blank\" rel=\"noreferrer noopener\">https:\/\/interihotel.com\/<\/a><\/p>\n\n\n\n<p><\/p>\n\n\n\n<figure class=\"wp-block-gallery columns-3 is-cropped\"><ul class=\"blocks-gallery-grid\"><li class=\"blocks-gallery-item\"><figure><img loading=\"lazy\" width=\"900\" height=\"600\" src=\"https:\/\/www.rocatiles.com\/wp-content\/uploads\/2025\/10\/interihotel25-roca-tiles-1.jpg\" alt=\"\" data-id=\"115860\" data-link=\"https:\/\/www.rocatiles.com\/es\/?attachment_id=115860\" class=\"wp-image-115860\" srcset=\"https:\/\/www.rocatiles.com\/wp-content\/uploads\/2025\/10\/interihotel25-roca-tiles-1.jpg 900w, https:\/\/www.rocatiles.com\/wp-content\/uploads\/2025\/10\/interihotel25-roca-tiles-1-300x200.jpg 300w, https:\/\/www.rocatiles.com\/wp-content\/uploads\/2025\/10\/interihotel25-roca-tiles-1-768x512.jpg 768w, https:\/\/www.rocatiles.com\/wp-content\/uploads\/2025\/10\/interihotel25-roca-tiles-1-600x400.jpg 600w, https:\/\/www.rocatiles.com\/wp-content\/uploads\/2025\/10\/interihotel25-roca-tiles-1-150x100.jpg 150w\" sizes=\"(max-width: 900px) 100vw, 900px\" \/><\/figure><\/li><li class=\"blocks-gallery-item\"><figure><img loading=\"lazy\" width=\"768\" height=\"1024\" src=\"https:\/\/www.rocatiles.com\/wp-content\/uploads\/2025\/10\/roca-vertical-2-2-768x1024.jpg\" alt=\"\" data-id=\"115863\" data-full-url=\"https:\/\/www.rocatiles.com\/wp-content\/uploads\/2025\/10\/roca-vertical-2-2.jpg\" data-link=\"https:\/\/www.rocatiles.com\/es\/rocalife\/Roca-Tiles-presenta-en-Interihotel-2025-su-nueva-propuesta-Dolce-Vita\/roca-vertical-2-2\/\" class=\"wp-image-115863\" srcset=\"https:\/\/www.rocatiles.com\/wp-content\/uploads\/2025\/10\/roca-vertical-2-2-768x1024.jpg 768w, https:\/\/www.rocatiles.com\/wp-content\/uploads\/2025\/10\/roca-vertical-2-2-225x300.jpg 225w, https:\/\/www.rocatiles.com\/wp-content\/uploads\/2025\/10\/roca-vertical-2-2-600x800.jpg 600w, https:\/\/www.rocatiles.com\/wp-content\/uploads\/2025\/10\/roca-vertical-2-2-150x200.jpg 150w, https:\/\/www.rocatiles.com\/wp-content\/uploads\/2025\/10\/roca-vertical-2-2.jpg 1080w\" sizes=\"(max-width: 768px) 100vw, 768px\" \/><\/figure><\/li><li class=\"blocks-gallery-item\"><figure><img loading=\"lazy\" width=\"768\" height=\"1024\" src=\"https:\/\/www.rocatiles.com\/wp-content\/uploads\/2025\/10\/roca-vertical-1-2-768x1024.jpg\" alt=\"\" data-id=\"115866\" data-full-url=\"https:\/\/www.rocatiles.com\/wp-content\/uploads\/2025\/10\/roca-vertical-1-2.jpg\" data-link=\"https:\/\/www.rocatiles.com\/es\/rocalife\/Roca-Tiles-presenta-en-Interihotel-2025-su-nueva-propuesta-Dolce-Vita\/roca-vertical-1-2\/\" class=\"wp-image-115866\" srcset=\"https:\/\/www.rocatiles.com\/wp-content\/uploads\/2025\/10\/roca-vertical-1-2-768x1024.jpg 768w, https:\/\/www.rocatiles.com\/wp-content\/uploads\/2025\/10\/roca-vertical-1-2-225x300.jpg 225w, https:\/\/www.rocatiles.com\/wp-content\/uploads\/2025\/10\/roca-vertical-1-2-600x800.jpg 600w, https:\/\/www.rocatiles.com\/wp-content\/uploads\/2025\/10\/roca-vertical-1-2-150x200.jpg 150w, https:\/\/www.rocatiles.com\/wp-content\/uploads\/2025\/10\/roca-vertical-1-2.jpg 1080w\" sizes=\"(max-width: 768px) 100vw, 768px\" \/><\/figure><\/li><li class=\"blocks-gallery-item\"><figure><img loading=\"lazy\" width=\"900\" height=\"600\" src=\"https:\/\/www.rocatiles.com\/wp-content\/uploads\/2025\/10\/2-1.jpg\" alt=\"\" data-id=\"115856\" data-link=\"https:\/\/www.rocatiles.com\/es\/?attachment_id=115856\" class=\"wp-image-115856\" srcset=\"https:\/\/www.rocatiles.com\/wp-content\/uploads\/2025\/10\/2-1.jpg 900w, https:\/\/www.rocatiles.com\/wp-content\/uploads\/2025\/10\/2-1-300x200.jpg 300w, https:\/\/www.rocatiles.com\/wp-content\/uploads\/2025\/10\/2-1-768x512.jpg 768w, https:\/\/www.rocatiles.com\/wp-content\/uploads\/2025\/10\/2-1-600x400.jpg 600w, https:\/\/www.rocatiles.com\/wp-content\/uploads\/2025\/10\/2-1-150x100.jpg 150w\" sizes=\"(max-width: 900px) 100vw, 900px\" \/><\/figure><\/li><\/ul><\/figure>\n","protected":false},"excerpt":{"rendered":"<p>El dise\u00f1o del espacio ha sido concebido por el interiorista Isern Serra con l\u00edneas puras, en la b\u00fasqueda del bienestar.<\/p>\n","protected":false},"author":12,"featured_media":115852,"comment_status":"closed","ping_status":"closed","sticky":false,"template":"","format":"standard","meta":[],"categories":[1081],"tags":[],"yoast_head":"<!-- This site is optimized with the Yoast SEO Premium plugin v16.4 (Yoast SEO v16.4) - https:\/\/yoast.com\/wordpress\/plugins\/seo\/ -->\n<title>Roca Tiles presenta en Interihotel 2025 su nueva propuesta Dolce Vita - Roca Cer\u00e1mica<\/title>\n<meta name=\"robots\" content=\"index, follow, max-snippet:-1, max-image-preview:large, max-video-preview:-1\" \/>\n<link rel=\"canonical\" href=\"https:\/\/www.rocatiles.com\/es\/rocalife\/Roca-Tiles-presenta-en-Interihotel-2025-su-nueva-propuesta-Dolce-Vita\/\" \/>\n<meta property=\"og:locale\" content=\"es_ES\" \/>\n<meta property=\"og:type\" content=\"article\" \/>\n<meta property=\"og:title\" content=\"Roca Tiles presenta en Interihotel 2025 su nueva propuesta Dolce Vita - Roca Cer\u00e1mica\" \/>\n<meta property=\"og:description\" content=\"El dise\u00f1o del espacio ha sido concebido por el interiorista Isern Serra con l\u00edneas puras, en la b\u00fasqueda del bienestar.\" \/>\n<meta property=\"og:url\" content=\"https:\/\/www.rocatiles.com\/es\/rocalife\/Roca-Tiles-presenta-en-Interihotel-2025-su-nueva-propuesta-Dolce-Vita\/\" \/>\n<meta property=\"og:site_name\" content=\"Roca Cer\u00e1mica\" \/>\n<meta property=\"article:published_time\" content=\"2025-10-30T08:46:00+00:00\" \/>\n<meta property=\"article:modified_time\" content=\"2025-10-31T09:05:31+00:00\" \/>\n<meta property=\"og:image\" content=\"https:\/\/www.rocatiles.com\/wp-content\/uploads\/2025\/10\/interihotel25-roca-tiles.jpg\" \/>\n\t<meta property=\"og:image:width\" content=\"900\" \/>\n\t<meta property=\"og:image:height\" content=\"600\" \/>\n<meta name=\"twitter:card\" content=\"summary_large_image\" \/>\n<meta name=\"twitter:label1\" content=\"Tiempo de lectura\" \/>\n\t<meta name=\"twitter:data1\" content=\"2 minutos\" \/>\n<script type=\"application\/ld+json\" class=\"yoast-schema-graph\">{\"@context\":\"https:\/\/schema.org\",\"@graph\":[{\"@type\":\"WebSite\",\"@id\":\"https:\/\/www.rocatiles.com\/#website\",\"url\":\"https:\/\/www.rocatiles.com\/\",\"name\":\"Roca Cer\\u00e1mica\",\"description\":\"Pavimentos y revestimientos | Azulejos | Roca | ROCA Ba\\u00f1os\",\"potentialAction\":[{\"@type\":\"SearchAction\",\"target\":\"https:\/\/www.rocatiles.com\/?s={search_term_string}\",\"query-input\":\"required name=search_term_string\"}],\"inLanguage\":\"es\"},{\"@type\":\"ImageObject\",\"@id\":\"https:\/\/www.rocatiles.com\/es\/rocalife\/Roca-Tiles-presenta-en-Interihotel-2025-su-nueva-propuesta-Dolce-Vita\/#primaryimage\",\"inLanguage\":\"es\",\"url\":\"https:\/\/www.rocatiles.com\/wp-content\/uploads\/2025\/10\/interihotel25-roca-tiles.jpg\",\"contentUrl\":\"https:\/\/www.rocatiles.com\/wp-content\/uploads\/2025\/10\/interihotel25-roca-tiles.jpg\",\"width\":900,\"height\":600},{\"@type\":\"WebPage\",\"@id\":\"https:\/\/www.rocatiles.com\/es\/rocalife\/Roca-Tiles-presenta-en-Interihotel-2025-su-nueva-propuesta-Dolce-Vita\/#webpage\",\"url\":\"https:\/\/www.rocatiles.com\/es\/rocalife\/Roca-Tiles-presenta-en-Interihotel-2025-su-nueva-propuesta-Dolce-Vita\/\",\"name\":\"Roca Tiles presenta en Interihotel 2025 su nueva propuesta Dolce Vita - Roca Cer\\u00e1mica\",\"isPartOf\":{\"@id\":\"https:\/\/www.rocatiles.com\/#website\"},\"primaryImageOfPage\":{\"@id\":\"https:\/\/www.rocatiles.com\/es\/rocalife\/Roca-Tiles-presenta-en-Interihotel-2025-su-nueva-propuesta-Dolce-Vita\/#primaryimage\"},\"datePublished\":\"2025-10-30T08:46:00+00:00\",\"dateModified\":\"2025-10-31T09:05:31+00:00\",\"author\":{\"@id\":\"https:\/\/www.rocatiles.com\/#\/schema\/person\/9fa4e5b99973e662f82ebcd8600a3349\"},\"breadcrumb\":{\"@id\":\"https:\/\/www.rocatiles.com\/es\/rocalife\/Roca-Tiles-presenta-en-Interihotel-2025-su-nueva-propuesta-Dolce-Vita\/#breadcrumb\"},\"inLanguage\":\"es\",\"potentialAction\":[{\"@type\":\"ReadAction\",\"target\":[\"https:\/\/www.rocatiles.com\/es\/rocalife\/Roca-Tiles-presenta-en-Interihotel-2025-su-nueva-propuesta-Dolce-Vita\/\"]}]},{\"@type\":\"BreadcrumbList\",\"@id\":\"https:\/\/www.rocatiles.com\/es\/rocalife\/Roca-Tiles-presenta-en-Interihotel-2025-su-nueva-propuesta-Dolce-Vita\/#breadcrumb\",\"itemListElement\":[{\"@type\":\"ListItem\",\"position\":1,\"item\":{\"@type\":\"WebPage\",\"@id\":\"https:\/\/www.rocatiles.com\/es\/\",\"url\":\"https:\/\/www.rocatiles.com\/es\/\",\"name\":\"Home\"}},{\"@type\":\"ListItem\",\"position\":2,\"item\":{\"@id\":\"https:\/\/www.rocatiles.com\/es\/rocalife\/Roca-Tiles-presenta-en-Interihotel-2025-su-nueva-propuesta-Dolce-Vita\/#webpage\"}}]},{\"@type\":\"Person\",\"@id\":\"https:\/\/www.rocatiles.com\/#\/schema\/person\/9fa4e5b99973e662f82ebcd8600a3349\",\"name\":\"Ana Nebot\",\"image\":{\"@type\":\"ImageObject\",\"@id\":\"https:\/\/www.rocatiles.com\/#personlogo\",\"inLanguage\":\"es\",\"url\":\"https:\/\/secure.gravatar.com\/avatar\/e49aee504dedca539352e8847f2029af?s=96&d=mm&r=g\",\"contentUrl\":\"https:\/\/secure.gravatar.com\/avatar\/e49aee504dedca539352e8847f2029af?s=96&d=mm&r=g\",\"caption\":\"Ana Nebot\"},\"url\":\"https:\/\/www.rocatiles.com\/es\/rocalife\/author\/nebana01\/\"}]}<\/script>\n<!-- \/ Yoast SEO Premium plugin. -->","_links":{"self":[{"href":"https:\/\/www.rocatiles.com\/es\/wp-json\/wp\/v2\/posts\/115843"}],"collection":[{"href":"https:\/\/www.rocatiles.com\/es\/wp-json\/wp\/v2\/posts"}],"about":[{"href":"https:\/\/www.rocatiles.com\/es\/wp-json\/wp\/v2\/types\/post"}],"author":[{"embeddable":true,"href":"https:\/\/www.rocatiles.com\/es\/wp-json\/wp\/v2\/users\/12"}],"replies":[{"embeddable":true,"href":"https:\/\/www.rocatiles.com\/es\/wp-json\/wp\/v2\/comments?post=115843"}],"version-history":[{"count":4,"href":"https:\/\/www.rocatiles.com\/es\/wp-json\/wp\/v2\/posts\/115843\/revisions"}],"predecessor-version":[{"id":115872,"href":"https:\/\/www.rocatiles.com\/es\/wp-json\/wp\/v2\/posts\/115843\/revisions\/115872"}],"wp:featuredmedia":[{"embeddable":true,"href":"https:\/\/www.rocatiles.com\/es\/wp-json\/wp\/v2\/media\/115852"}],"wp:attachment":[{"href":"https:\/\/www.rocatiles.com\/es\/wp-json\/wp\/v2\/media?parent=115843"}],"wp:term":[{"taxonomy":"category","embeddable":true,"href":"https:\/\/www.rocatiles.com\/es\/wp-json\/wp\/v2\/categories?post=115843"},{"taxonomy":"post_tag","embeddable":true,"href":"https:\/\/www.rocatiles.com\/es\/wp-json\/wp\/v2\/tags?post=115843"}],"curies":[{"name":"wp","href":"https:\/\/api.w.org\/{rel}","templated":true}]}}