{"id":96772,"date":"2023-02-08T10:38:22","date_gmt":"2023-02-08T10:38:22","guid":{"rendered":"https:\/\/www.rocatiles.com\/?p=96772"},"modified":"2023-03-23T09:28:40","modified_gmt":"2023-03-23T09:28:40","slug":"Roca-Tiles-primer-centro-de-fabricacion-de-Grupo-Lamosa-en-Europa-2","status":"publish","type":"post","link":"https:\/\/www.rocatiles.com\/es\/rocalife\/Roca-Tiles-primer-centro-de-fabricacion-de-Grupo-Lamosa-en-Europa-2\/","title":{"rendered":"Roca Tiles, primer centro de fabricaci\u00f3n de Grupo Lamosa en Europa"},"content":{"rendered":"\n<p><strong>Roca Tiles regres\u00f3 a Cevisama, del 27 de febrero al 3 de marzo en Feria Valencia (Espa\u00f1a), con gran entusiamo y novedades. La compa\u00f1\u00eda present\u00f3 su nuevo concepto \u00abThe New Standard\u00bb, el resultado de una profunda reflexi\u00f3n corporativa que sintetiza los atributos de Roca Tiles y sus productos cer\u00e1micos.<\/strong><\/p>\n\n\n\n<p>Formar parte del Grupo Lamosa ha supuesto todo un proceso de an\u00e1lisis previo del potencial de la compa\u00f1\u00eda y de adaptaci\u00f3n a la nueva realidad global. Ello ha llevado a un estudio exhaustivo de todas las pr\u00e1cticas vinculadas con la fabricaci\u00f3n, con el fin de mejorar en cada fase y dotar a la planta de las infraestructuras necesarias para poner en marcha una nueva estrategia con la que Roca Tiles se consolida como el primer centro de fabricaci\u00f3n de Grupo Lamosa en Europa.<\/p>\n\n\n\n<p>Roca Tiles particip\u00f3 en Cevisama 2023 reflejando fielmente la estrategia integral de la compa\u00f1\u00eda a largo plazo con \u201cThe New Standard\u201d, un profundo an\u00e1lisis corporativo en el que se han identificado los atributos de la firma y sus materiales cer\u00e1micos. Este nuevo est\u00e1ndar pone el foco en el cliente y se traduce en un cambio de paradigma por parte de Roca, que va a basar su actividad en cuatro nuevas l\u00edneas de acci\u00f3n: simplicidad, modularidad, sostenibilidad y singularidad, con el soporte de la t\u00e9cnica y la calidad.<\/p>\n\n\n\n<p>La calidad en el dise\u00f1o del stand, la innovaci\u00f3n, las formas y materiales y el conjunto arm\u00f3nico entre el stand como continente y el producto expuesto como contenido, han sido los criterios que han llevado al espacio ef\u00edmero de Roca Tiles en Cevisama a lograr el segundo premio al mejor Stand de la Feria, en una iniciativa promovida por el Colegio de Dise\u00f1adores de Interior de la Comunidad Valenciana.<\/p>\n\n\n\n<figure class=\"wp-block-image size-large\"><img loading=\"lazy\" width=\"1024\" height=\"687\" src=\"https:\/\/www.rocatiles.com\/wp-content\/uploads\/2023\/03\/cevisama-2023-news1-1024x687.png\" alt=\"\" class=\"wp-image-98892\" srcset=\"https:\/\/www.rocatiles.com\/wp-content\/uploads\/2023\/03\/cevisama-2023-news1-1024x687.png 1024w, https:\/\/www.rocatiles.com\/wp-content\/uploads\/2023\/03\/cevisama-2023-news1-300x201.png 300w, https:\/\/www.rocatiles.com\/wp-content\/uploads\/2023\/03\/cevisama-2023-news1-768x515.png 768w, https:\/\/www.rocatiles.com\/wp-content\/uploads\/2023\/03\/cevisama-2023-news1-1200x805.png 1200w, https:\/\/www.rocatiles.com\/wp-content\/uploads\/2023\/03\/cevisama-2023-news1-600x403.png 600w, https:\/\/www.rocatiles.com\/wp-content\/uploads\/2023\/03\/cevisama-2023-news1-150x101.png 150w, https:\/\/www.rocatiles.com\/wp-content\/uploads\/2023\/03\/cevisama-2023-news1.png 1447w\" sizes=\"(max-width: 1024px) 100vw, 1024px\" \/><\/figure>\n\n\n\n<h4 id=\"h-reducimos-espesor-crecemos-en-sostenibilidad-y-prestaciones\"><strong>Reducimos espesor, crecemos en sostenibilidad y prestaciones.<\/strong><\/h4>\n\n\n\n<p>El \u00e1rea de innovaci\u00f3n tecnol\u00f3gica y de sostenibilidad de Roca Tiles ha conseguido reducir de manera progresiva los espesores de los materiales hasta producir una cer\u00e1mica de 7mm, llena de ventajas: Optimiza el uso de recursos naturales y energ\u00e9ticos en su fabricaci\u00f3n con lo que reduce el impacto en el entorno, es un 20% m\u00e1s ligera con una resistencia superior, f\u00e1cil de almacenar y transportar, se instala f\u00e1cilmente y est\u00e1 abierta a nuevos horizontes en interiorismo y decoraci\u00f3n. Y todo ello sin alterar ninguna de sus cualidades habituales, su modularidad, ni la esencia que caracteriza a Roca Tiles.<\/p>\n\n\n\n<p>Esta nueva generaci\u00f3n de porcel\u00e1nicos tiene consecuencias positivas para el entorno con la reducci\u00f3n de emisi\u00f3n de CO<sup>2<\/sup> a la atm\u00f3sfera en la cocci\u00f3n, contenci\u00f3n de consumos innecesarios y disminuci\u00f3n del impacto en el transporte, al poder incluir un 20% m\u00e1s de producto con el mismo peso. Junto a ello se ha logrado materiales que requieren menor tiempo de instalaci\u00f3n y son m\u00e1s sencillos de manipular, cortar, colocar y perforar.<\/p>\n\n\n\n<p>El espesor optimizado refuerza el uso modular de los productos Roca Tiles y posibilita la combinaci\u00f3n de azulejos de distintas dimensiones con multitud de alternativas, manteniendo siempre el grosor. Adem\u00e1s, se puede instalar sobre pladur o sobre un pavimento o revestimiento existente, por lo que se reduce enormemente el coste de rehabilitaci\u00f3n y renovaci\u00f3n.<\/p>\n\n\n\n<p>Entre las nuevas colecciones presentes en Cevisama destacan tres familias principales: los revolucionarios porcel\u00e1nicos t\u00e9cnicos en acabados inalterables dise\u00f1ados para espacios de alto tr\u00e1nsito, bajo el sello Rockstone. Los porcel\u00e1nicos con vocaci\u00f3n decorativa de suelo a pared como June, Lincoln, Vesta, Couvet, Pigment, Limestone y Abaco y las nuevas propuestas en porcel\u00e1nicos pulidos ultra brillantes y mates con acabados impresionantes como la colecci\u00f3n Dolomita, presentada junto a Apuano, Athea, Allure, Calacatta, Topazio y Venatino. Por \u00faltimo, en formato de lamas de 19,5&#215;120 destacamos las piezas realmente naturales de la colecci\u00f3n Panam\u00e1.<\/p>\n\n\n\n<h4 id=\"h-\"><\/h4>\n\n\n\n<figure class=\"wp-block-image size-large\"><img loading=\"lazy\" width=\"768\" height=\"432\" src=\"https:\/\/www.rocatiles.com\/wp-content\/uploads\/2023\/03\/roca-cevisama_43384631_20230228202705-1.jpg\" alt=\"\" class=\"wp-image-98894\" srcset=\"https:\/\/www.rocatiles.com\/wp-content\/uploads\/2023\/03\/roca-cevisama_43384631_20230228202705-1.jpg 768w, https:\/\/www.rocatiles.com\/wp-content\/uploads\/2023\/03\/roca-cevisama_43384631_20230228202705-1-300x169.jpg 300w, https:\/\/www.rocatiles.com\/wp-content\/uploads\/2023\/03\/roca-cevisama_43384631_20230228202705-1-600x338.jpg 600w, https:\/\/www.rocatiles.com\/wp-content\/uploads\/2023\/03\/roca-cevisama_43384631_20230228202705-1-150x84.jpg 150w\" sizes=\"(max-width: 768px) 100vw, 768px\" \/><\/figure>\n","protected":false},"excerpt":{"rendered":"<p>La firma ha recibido el segundo premio al mejor Stand de Cevisama en dise\u00f1o de interiores.<\/p>\n","protected":false},"author":12,"featured_media":96773,"comment_status":"open","ping_status":"open","sticky":false,"template":"","format":"standard","meta":[],"categories":[1081],"tags":[],"yoast_head":"<!-- This site is optimized with the Yoast SEO Premium plugin v16.4 (Yoast SEO v16.4) - https:\/\/yoast.com\/wordpress\/plugins\/seo\/ -->\n<title>Roca Tiles, primer centro de fabricaci\u00f3n de Grupo Lamosa en Europa - Roca Cer\u00e1mica<\/title>\n<meta name=\"robots\" content=\"index, follow, max-snippet:-1, max-image-preview:large, max-video-preview:-1\" \/>\n<link rel=\"canonical\" href=\"https:\/\/www.rocatiles.com\/es\/rocalife\/Roca-Tiles-primer-centro-de-fabricacion-de-Grupo-Lamosa-en-Europa-2\/\" \/>\n<meta property=\"og:locale\" content=\"es_ES\" \/>\n<meta property=\"og:type\" content=\"article\" \/>\n<meta property=\"og:title\" content=\"Roca Tiles, primer centro de fabricaci\u00f3n de Grupo Lamosa en Europa - Roca Cer\u00e1mica\" \/>\n<meta property=\"og:description\" content=\"La firma ha recibido el segundo premio al mejor Stand de Cevisama en dise\u00f1o de interiores.\" \/>\n<meta property=\"og:url\" content=\"https:\/\/www.rocatiles.com\/es\/rocalife\/Roca-Tiles-primer-centro-de-fabricacion-de-Grupo-Lamosa-en-Europa-2\/\" \/>\n<meta property=\"og:site_name\" content=\"Roca Cer\u00e1mica\" \/>\n<meta property=\"article:published_time\" content=\"2023-02-08T10:38:22+00:00\" \/>\n<meta property=\"article:modified_time\" content=\"2023-03-23T09:28:40+00:00\" \/>\n<meta property=\"og:image\" content=\"https:\/\/www.rocatiles.com\/wp-content\/uploads\/2023\/02\/AMBIENTE_HD_Enya-Deko-Caliza_June-Caliza-60x120-1.jpg\" \/>\n\t<meta property=\"og:image:width\" content=\"1000\" \/>\n\t<meta property=\"og:image:height\" content=\"700\" \/>\n<meta name=\"twitter:card\" content=\"summary_large_image\" \/>\n<meta name=\"twitter:label1\" content=\"Tiempo de lectura\" \/>\n\t<meta name=\"twitter:data1\" content=\"4 minutos\" \/>\n<script type=\"application\/ld+json\" class=\"yoast-schema-graph\">{\"@context\":\"https:\/\/schema.org\",\"@graph\":[{\"@type\":\"WebSite\",\"@id\":\"https:\/\/www.rocatiles.com\/#website\",\"url\":\"https:\/\/www.rocatiles.com\/\",\"name\":\"Roca Cer\\u00e1mica\",\"description\":\"Pavimentos y revestimientos | Azulejos | Roca | ROCA Ba\\u00f1os\",\"potentialAction\":[{\"@type\":\"SearchAction\",\"target\":\"https:\/\/www.rocatiles.com\/?s={search_term_string}\",\"query-input\":\"required name=search_term_string\"}],\"inLanguage\":\"es\"},{\"@type\":\"ImageObject\",\"@id\":\"https:\/\/www.rocatiles.com\/es\/rocalife\/Roca-Tiles-primer-centro-de-fabricacion-de-Grupo-Lamosa-en-Europa-2\/#primaryimage\",\"inLanguage\":\"es\",\"url\":\"https:\/\/www.rocatiles.com\/wp-content\/uploads\/2023\/02\/AMBIENTE_HD_Enya-Deko-Caliza_June-Caliza-60x120-1.jpg\",\"contentUrl\":\"https:\/\/www.rocatiles.com\/wp-content\/uploads\/2023\/02\/AMBIENTE_HD_Enya-Deko-Caliza_June-Caliza-60x120-1.jpg\",\"width\":1000,\"height\":700},{\"@type\":\"WebPage\",\"@id\":\"https:\/\/www.rocatiles.com\/es\/rocalife\/Roca-Tiles-primer-centro-de-fabricacion-de-Grupo-Lamosa-en-Europa-2\/#webpage\",\"url\":\"https:\/\/www.rocatiles.com\/es\/rocalife\/Roca-Tiles-primer-centro-de-fabricacion-de-Grupo-Lamosa-en-Europa-2\/\",\"name\":\"Roca Tiles, primer centro de fabricaci\\u00f3n de Grupo Lamosa en Europa - Roca Cer\\u00e1mica\",\"isPartOf\":{\"@id\":\"https:\/\/www.rocatiles.com\/#website\"},\"primaryImageOfPage\":{\"@id\":\"https:\/\/www.rocatiles.com\/es\/rocalife\/Roca-Tiles-primer-centro-de-fabricacion-de-Grupo-Lamosa-en-Europa-2\/#primaryimage\"},\"datePublished\":\"2023-02-08T10:38:22+00:00\",\"dateModified\":\"2023-03-23T09:28:40+00:00\",\"author\":{\"@id\":\"https:\/\/www.rocatiles.com\/#\/schema\/person\/9fa4e5b99973e662f82ebcd8600a3349\"},\"breadcrumb\":{\"@id\":\"https:\/\/www.rocatiles.com\/es\/rocalife\/Roca-Tiles-primer-centro-de-fabricacion-de-Grupo-Lamosa-en-Europa-2\/#breadcrumb\"},\"inLanguage\":\"es\",\"potentialAction\":[{\"@type\":\"ReadAction\",\"target\":[\"https:\/\/www.rocatiles.com\/es\/rocalife\/Roca-Tiles-primer-centro-de-fabricacion-de-Grupo-Lamosa-en-Europa-2\/\"]}]},{\"@type\":\"BreadcrumbList\",\"@id\":\"https:\/\/www.rocatiles.com\/es\/rocalife\/Roca-Tiles-primer-centro-de-fabricacion-de-Grupo-Lamosa-en-Europa-2\/#breadcrumb\",\"itemListElement\":[{\"@type\":\"ListItem\",\"position\":1,\"item\":{\"@type\":\"WebPage\",\"@id\":\"https:\/\/www.rocatiles.com\/es\/\",\"url\":\"https:\/\/www.rocatiles.com\/es\/\",\"name\":\"Home\"}},{\"@type\":\"ListItem\",\"position\":2,\"item\":{\"@id\":\"https:\/\/www.rocatiles.com\/es\/rocalife\/Roca-Tiles-primer-centro-de-fabricacion-de-Grupo-Lamosa-en-Europa-2\/#webpage\"}}]},{\"@type\":\"Person\",\"@id\":\"https:\/\/www.rocatiles.com\/#\/schema\/person\/9fa4e5b99973e662f82ebcd8600a3349\",\"name\":\"Ana Nebot\",\"image\":{\"@type\":\"ImageObject\",\"@id\":\"https:\/\/www.rocatiles.com\/#personlogo\",\"inLanguage\":\"es\",\"url\":\"https:\/\/secure.gravatar.com\/avatar\/e49aee504dedca539352e8847f2029af?s=96&d=mm&r=g\",\"contentUrl\":\"https:\/\/secure.gravatar.com\/avatar\/e49aee504dedca539352e8847f2029af?s=96&d=mm&r=g\",\"caption\":\"Ana Nebot\"},\"url\":\"https:\/\/www.rocatiles.com\/es\/rocalife\/author\/nebana01\/\"}]}<\/script>\n<!-- \/ Yoast SEO Premium plugin. -->","_links":{"self":[{"href":"https:\/\/www.rocatiles.com\/es\/wp-json\/wp\/v2\/posts\/96772"}],"collection":[{"href":"https:\/\/www.rocatiles.com\/es\/wp-json\/wp\/v2\/posts"}],"about":[{"href":"https:\/\/www.rocatiles.com\/es\/wp-json\/wp\/v2\/types\/post"}],"author":[{"embeddable":true,"href":"https:\/\/www.rocatiles.com\/es\/wp-json\/wp\/v2\/users\/12"}],"replies":[{"embeddable":true,"href":"https:\/\/www.rocatiles.com\/es\/wp-json\/wp\/v2\/comments?post=96772"}],"version-history":[{"count":10,"href":"https:\/\/www.rocatiles.com\/es\/wp-json\/wp\/v2\/posts\/96772\/revisions"}],"predecessor-version":[{"id":98896,"href":"https:\/\/www.rocatiles.com\/es\/wp-json\/wp\/v2\/posts\/96772\/revisions\/98896"}],"wp:featuredmedia":[{"embeddable":true,"href":"https:\/\/www.rocatiles.com\/es\/wp-json\/wp\/v2\/media\/96773"}],"wp:attachment":[{"href":"https:\/\/www.rocatiles.com\/es\/wp-json\/wp\/v2\/media?parent=96772"}],"wp:term":[{"taxonomy":"category","embeddable":true,"href":"https:\/\/www.rocatiles.com\/es\/wp-json\/wp\/v2\/categories?post=96772"},{"taxonomy":"post_tag","embeddable":true,"href":"https:\/\/www.rocatiles.com\/es\/wp-json\/wp\/v2\/tags?post=96772"}],"curies":[{"name":"wp","href":"https:\/\/api.w.org\/{rel}","templated":true}]}}